{"id":42404,"date":"2025-09-15T22:33:00","date_gmt":"2025-09-15T21:33:00","guid":{"rendered":"https:\/\/greencitysolutions.de\/?p=42404"},"modified":"2025-09-17T22:38:32","modified_gmt":"2025-09-17T21:38:32","slug":"congress-the-city-in-climate-change","status":"publish","type":"post","link":"https:\/\/greencitysolutions.de\/en\/congress-the-city-in-climate-change\/","title":{"rendered":"Congress \u201cThe City in Climate Change\u201d"},"content":{"rendered":"<p><div class=\"fusion-fullwidth fullwidth-box fusion-builder-row-1 fusion-flex-container nonhundred-percent-fullwidth non-hundred-percent-height-scrolling\" style=\"--awb-border-radius-top-left:0px;--awb-border-radius-top-right:0px;--awb-border-radius-bottom-right:0px;--awb-border-radius-bottom-left:0px;--awb-flex-wrap:wrap;\" ><div class=\"fusion-builder-row fusion-row fusion-flex-align-items-flex-start fusion-flex-content-wrap\" style=\"max-width:1331.2px;margin-left: calc(-4% \/ 2 );margin-right: calc(-4% \/ 2 );\"><div class=\"fusion-layout-column fusion_builder_column fusion-builder-column-0 fusion_builder_column_1_1 1_1 fusion-flex-column\" style=\"--awb-bg-size:cover;--awb-width-large:100%;--awb-margin-top-large:0px;--awb-spacing-right-large:1.92%;--awb-margin-bottom-large:0px;--awb-spacing-left-large:1.92%;--awb-width-medium:100%;--awb-order-medium:0;--awb-spacing-right-medium:1.92%;--awb-spacing-left-medium:1.92%;--awb-width-small:100%;--awb-order-small:0;--awb-spacing-right-small:1.92%;--awb-spacing-left-small:1.92%;\"><div class=\"fusion-column-wrapper fusion-column-has-shadow fusion-flex-justify-content-flex-start fusion-content-layout-column\"><div class=\"fusion-title title fusion-title-1 fusion-sep-none fusion-title-center fusion-title-text fusion-title-size-three\"><h3 class=\"fusion-title-heading title-heading-center fusion-responsive-typography-calculated\" style=\"margin:0;--fontSize:30;line-height:1;\"><p style=\"text-align: center;\"><a href=\"https:\/\/os-rundschau.de\/os-und-umzu\/die-stadt-im-klimawandel-was-tun\/\" target=\"_blank\" rel=\"noopener\"><strong>&#8220;Firework of Ideas&#8221;<\/strong><\/a><strong>: Innovations and Solutions for Green, Resilient Cities<\/strong><\/p><\/h3><\/div><div class=\"fusion-separator fusion-full-width-sep\" style=\"align-self: center;margin-left: auto;margin-right: auto;margin-top:40px;width:100%;\"><\/div><\/div><\/div><\/div><\/div><div class=\"fusion-fullwidth fullwidth-box fusion-builder-row-2 fusion-flex-container nonhundred-percent-fullwidth non-hundred-percent-height-scrolling\" style=\"--awb-border-radius-top-left:0px;--awb-border-radius-top-right:0px;--awb-border-radius-bottom-right:0px;--awb-border-radius-bottom-left:0px;--awb-flex-wrap:wrap;\" ><div class=\"fusion-builder-row fusion-row fusion-flex-align-items-flex-start fusion-flex-justify-content-space-around fusion-flex-content-wrap\" style=\"max-width:1331.2px;margin-left: calc(-4% \/ 2 );margin-right: calc(-4% \/ 2 );\"><div class=\"fusion-layout-column fusion_builder_column fusion-builder-column-1 fusion_builder_column_2_3 2_3 fusion-flex-column\" style=\"--awb-bg-size:cover;--awb-width-large:66.666666666667%;--awb-margin-top-large:0px;--awb-spacing-right-large:2.88%;--awb-margin-bottom-large:0px;--awb-spacing-left-large:2.88%;--awb-width-medium:66.666666666667%;--awb-order-medium:0;--awb-spacing-right-medium:2.88%;--awb-spacing-left-medium:2.88%;--awb-width-small:66.666666666667%;--awb-order-small:0;--awb-spacing-right-small:2.88%;--awb-spacing-left-small:2.88%;\"><div class=\"fusion-column-wrapper fusion-column-has-shadow fusion-flex-justify-content-flex-start fusion-content-layout-column\"><div class=\"fusion-text fusion-text-1\" style=\"--awb-text-transform:none;\"><p>At the beginning of September, the congress \u201cThe City in Climate Change\u201d )<a href=\"https:\/\/www.klimafrieden-os.de\/blog-posts\/kongress-klimawandel-staedte\" target=\"_blank\" rel=\"noopener\"><strong><em>Kongress \u201eDie Stadt im Klimawandel\u201c<\/em><\/strong><\/a>)\u00a0took place in Osnabr\u00fcck \u2013 an inspiring forum that impressively demonstrated how urgent and diverse the challenges of climate change are for urban areas. <strong>The central question was: How can cities be designed to be climate-resilient, sustainable, and livable?<\/strong><\/p>\n<p>Green City Solutions was represented by CEO Peter S\u00e4nger as a speaker, contributing innovative impulses for green urban development.<\/p>\n<\/div><div class=\"fusion-text fusion-text-2\" style=\"--awb-text-transform:none;\"><h5><strong>Climate Change and Urban Health: Why Green Solutions Are Essential<\/strong><\/h5>\n<p>In his opening speech, Dr. Fabian Feil emphasized how <a href=\"https:\/\/os-rundschau.de\/os-und-umzu\/die-stadt-im-klimawandel-was-tun\/\" target=\"_blank\" rel=\"noopener\">closely the impacts of climate change are linked to the health of urban populations<\/a>. <a href=\"https:\/\/os-rundschau.de\/os-und-umzu\/die-stadt-im-klimawandel-was-tun\/\" target=\"_blank\" rel=\"noopener\">Rising temperatures, new pathogens and increased particulate matter<\/a>\u00a0particularly affect vulnerable groups such as the <a href=\"https:\/\/greencitysolutions.de\/en\/good-air-for-a-good-life-in-old-age\/\" target=\"_blank\" rel=\"noopener\"><em><strong>elderly<\/strong><\/em><\/a>, <a href=\"https:\/\/greencitysolutions.de\/en\/air-pollution-and-childrens-health\/\" target=\"_blank\" rel=\"noopener\"><strong><em>children<\/em> <\/strong><\/a>and pregnant women.<\/p>\n<\/div><div class=\"fusion-separator fusion-full-width-sep\" style=\"align-self: center;margin-left: auto;margin-right: auto;margin-top:30px;margin-bottom:10px;width:100%;\"><\/div><div class=\"fusion-image-element \" style=\"text-align:center;--awb-caption-title-font-family:var(--h2_typography-font-family);--awb-caption-title-font-weight:var(--h2_typography-font-weight);--awb-caption-title-font-style:var(--h2_typography-font-style);--awb-caption-title-size:var(--h2_typography-font-size);--awb-caption-title-transform:var(--h2_typography-text-transform);--awb-caption-title-line-height:var(--h2_typography-line-height);--awb-caption-title-letter-spacing:var(--h2_typography-letter-spacing);\"><span class=\" fusion-imageframe imageframe-none imageframe-1 hover-type-zoomin\"><img decoding=\"async\" width=\"1024\" height=\"371\" title=\"Gruppenfoto 2\" src=\"https:\/\/greencitysolutions.de\/wp-content\/uploads\/2025\/09\/Gruppenfoto-2-1024x371.png\" alt class=\"img-responsive wp-image-42409\" srcset=\"https:\/\/greencitysolutions.de\/wp-content\/uploads\/2025\/09\/Gruppenfoto-2-200x72.png 200w, https:\/\/greencitysolutions.de\/wp-content\/uploads\/2025\/09\/Gruppenfoto-2-400x145.png 400w, https:\/\/greencitysolutions.de\/wp-content\/uploads\/2025\/09\/Gruppenfoto-2-600x217.png 600w, https:\/\/greencitysolutions.de\/wp-content\/uploads\/2025\/09\/Gruppenfoto-2-800x290.png 800w, https:\/\/greencitysolutions.de\/wp-content\/uploads\/2025\/09\/Gruppenfoto-2-1200x435.png 1200w, https:\/\/greencitysolutions.de\/wp-content\/uploads\/2025\/09\/Gruppenfoto-2.png 1206w\" sizes=\"1200px\" \/><\/span><\/div><div class=\"fusion-text fusion-text-3\" style=\"--awb-content-alignment:center;--awb-font-size:10px;--awb-text-transform:none;\"><p style=\"text-align: center;\">Photo: <a href=\"https:\/\/www.linkedin.com\/posts\/activity-7369334356596719618-dM6B?utm_source=share&amp;utm_medium=member_desktop&amp;rcm=ACoAABbPFHoBaJRENxx0exYEDXhQZEy5y-CSQ-U\" target=\"_blank\" rel=\"noopener\">Petra D\u00f6rr<\/a>, Klima-Frieden Osnabr\u00fcck und Osnabr\u00fccker Land<\/p>\n<\/div><div class=\"fusion-separator fusion-full-width-sep\" style=\"align-self: center;margin-left: auto;margin-right: auto;margin-top:30px;margin-bottom:10px;width:100%;\"><\/div><div class=\"fusion-text fusion-text-4\" style=\"--awb-text-transform:none;\"><p>Nature-based urban design and innovative greening concepts are therefore essential to ensure quality of life in urban spaces and to minimize health risks.<\/p>\n<p><a href=\"https:\/\/os-rundschau.de\/os-und-umzu\/die-stadt-im-klimawandel-was-tun\/\" target=\"_blank\" rel=\"noopener\">As Prof. Dr.-Ing. J\u00f6rg Hoffmann and Dr. Britta Neuweger pointed out, more vegetation in cities is a crucial lever for binding pollutants, improving the microclimate and sustainably increasing air quality<\/a>. <a href=\"https:\/\/os-rundschau.de\/os-und-umzu\/die-stadt-im-klimawandel-was-tun\/\" target=\"_blank\" rel=\"noopener\">&#8220;The importance of plants in cities and on commercial sites was also emphasized by Dr. Weert Canzler from the Berlin Social Science Center and Prof. Hubertus von Dressler from Osnabr\u00fcck University of Applied Sciences.&#8221;<\/a><\/p>\n<p>This insight aligns with the mission of Green City Solutions: With innovative, moss-based air filters and urban greening, we create green oases that improve the urban climate, enhance quality of life and make cities healthier and more resilient to the impacts of climate change.<\/p>\n<\/div><div class=\"fusion-text fusion-text-5\" style=\"--awb-text-transform:none;\"><h5><a href=\"https:\/\/os-rundschau.de\/os-und-umzu\/die-stadt-im-klimawandel-was-tun\/\" target=\"_blank\" rel=\"noopener\"><strong>A &#8220;true Firework of Ideas\u201c<\/strong><\/a><strong>: Innovations for the Green City<\/strong><\/h5>\n<p>The innovation and startup section of the congress clearly showed how diverse the solutions to the challenges of climate change in cities are. <a href=\"https:\/\/os-rundschau.de\/os-und-umzu\/die-stadt-im-klimawandel-was-tun\/\" target=\"_blank\" rel=\"noopener\">In addition to traditional tree planting, projects such as fa\u00e7ade greening, moss-based air filters, mobile trees, urban vegetable production, temperature reduction through innovative materials, and biodiversity-rich corporate sites were presented<\/a>.<\/p>\n<blockquote>\n<p>Our CEO and co-founder <strong><em>Peter S\u00e4nger<\/em><\/strong> reflected on the event on <a href=\"https:\/\/www.linkedin.com\/posts\/peter-s%C3%A4nger_bingostiftungumwelt-sparkasseosnabrueck-aokniedersachsen-activity-7370718649181110272-EeHW?utm_source=share&amp;utm_medium=member_desktop&amp;rcm=ACoAABbPFHoBaJRENxx0exYEDXhQZEy5y-CSQ-U\" target=\"_blank\" rel=\"noopener\"><strong><em>LinkedIn<\/em><\/strong><\/a>:<\/p>\n<p><a href=\"https:\/\/www.linkedin.com\/posts\/peter-s%C3%A4nger_bingostiftungumwelt-sparkasseosnabrueck-aokniedersachsen-activity-7370718649181110272-EeHW?utm_source=share&amp;utm_medium=member_desktop&amp;rcm=ACoAABbPFHoBaJRENxx0exYEDXhQZEy5y-CSQ-U\" target=\"_blank\" rel=\"noopener\"><em>\u201eClimate change has long since reached our municipalities. I was particularly struck by the reports from emergency services about a hospital evacuation. For me, this was a tangible example that today\u2019s inaction on adaptation will drive up costs in the future. [\u2026] With climate adaptation, we can take preventive action and, above all, mitigate extreme situations.\u201c<\/em><\/a><\/p>\n<\/blockquote>\n<p><a href=\"https:\/\/os-rundschau.de\/os-und-umzu\/die-stadt-im-klimawandel-was-tun\/\" target=\"_blank\" rel=\"noopener\">In the foyer of the DBU, participants were able to experience the presented products and innovations up close. The solutions on display \u2013 from moss-based air filters and fa\u00e7ade greening to mobile trees \u2013 as well as other information stands, were present throughout the exhibition. <\/a><\/p>\n<p><a href=\"https:\/\/os-rundschau.de\/os-und-umzu\/die-stadt-im-klimawandel-was-tun\/\" target=\"_blank\" rel=\"noopener\">All projects attracted great interest from the approximately one hundred participants and stimulated professional exchange.<\/a><\/p>\n<p>This made it clear how important practical, innovative solutions are for sustainable urban development and the improvement of the urban climate.<\/p>\n<\/div><div class=\"fusion-separator fusion-full-width-sep\" style=\"align-self: center;margin-left: auto;margin-right: auto;margin-top:30px;margin-bottom:10px;width:100%;\"><\/div><div class=\"fusion-image-element \" style=\"text-align:center;--awb-caption-title-font-family:var(--h2_typography-font-family);--awb-caption-title-font-weight:var(--h2_typography-font-weight);--awb-caption-title-font-style:var(--h2_typography-font-style);--awb-caption-title-size:var(--h2_typography-font-size);--awb-caption-title-transform:var(--h2_typography-text-transform);--awb-caption-title-line-height:var(--h2_typography-line-height);--awb-caption-title-letter-spacing:var(--h2_typography-letter-spacing);\"><span class=\" fusion-imageframe imageframe-none imageframe-2 hover-type-zoomin\"><img decoding=\"async\" width=\"1024\" height=\"576\" title=\"Gruppenfoto\" src=\"https:\/\/greencitysolutions.de\/wp-content\/uploads\/2025\/09\/Gruppenfoto-1024x576.jpg\" alt class=\"img-responsive wp-image-42407\" srcset=\"https:\/\/greencitysolutions.de\/wp-content\/uploads\/2025\/09\/Gruppenfoto-200x113.jpg 200w, https:\/\/greencitysolutions.de\/wp-content\/uploads\/2025\/09\/Gruppenfoto-400x225.jpg 400w, https:\/\/greencitysolutions.de\/wp-content\/uploads\/2025\/09\/Gruppenfoto-600x338.jpg 600w, https:\/\/greencitysolutions.de\/wp-content\/uploads\/2025\/09\/Gruppenfoto-800x450.jpg 800w, https:\/\/greencitysolutions.de\/wp-content\/uploads\/2025\/09\/Gruppenfoto-1200x675.jpg 1200w\" sizes=\"1200px\" \/><\/span><\/div><div class=\"fusion-text fusion-text-6\" style=\"--awb-content-alignment:center;--awb-font-size:10px;--awb-text-transform:none;\"><p style=\"text-align: center;\">Photo: <a href=\"https:\/\/www.linkedin.com\/posts\/activity-7369334356596719618-dM6B?utm_source=share&amp;utm_medium=member_desktop&amp;rcm=ACoAABbPFHoBaJRENxx0exYEDXhQZEy5y-CSQ-U\" target=\"_blank\" rel=\"noopener\">Petra D\u00f6rr<\/a><\/p>\n<\/div><div class=\"fusion-separator fusion-full-width-sep\" style=\"align-self: center;margin-left: auto;margin-right: auto;margin-top:30px;margin-bottom:10px;width:100%;\"><\/div><div class=\"fusion-text fusion-text-7\" style=\"--awb-text-transform:none;\"><h5><strong>Climate Adaptation Is a Shared Responsibility<\/strong><\/h5>\n<p>Another highlight was the presentation by Ulla-Britt Kr\u00e4mer (FutureBEEing), who introduced the German-Dutch project for the development of sustainable residential quarters. The goal is to bring innovative approaches such as urban greening, biodiversity, and smart data integration into broader application, making cities fit for the future.<\/p>\n<p>The reports by Marc H\u00fcbner (Volunteer Fire Department Coesfeld) and Philip Hergt (Crisis Team Diocese of Osnabr\u00fcck) on the flood disaster in Eschweiler made it clear how important it is to understand climate adaptation as a shared responsibility.<\/p>\n<blockquote>\n<p><a href=\"https:\/\/www.linkedin.com\/posts\/peter-s%C3%A4nger_bingostiftungumwelt-sparkasseosnabrueck-aokniedersachsen-activity-7370718649181110272-EeHW?utm_source=share&amp;utm_medium=member_desktop&amp;rcm=ACoAABbPFHoBaJRENxx0exYEDXhQZEy5y-CSQ-U\" target=\"_blank\" rel=\"noopener\"><em>\u201eOur safety systems are outdated and need to be renewed at great expense \u2013 to protect against floods, fires, and other natural disasters\u201c<\/em><\/a><em>,<\/em> <a href=\"https:\/\/www.linkedin.com\/posts\/peter-s%C3%A4nger_bingostiftungumwelt-sparkasseosnabrueck-aokniedersachsen-activity-7370718649181110272-EeHW?utm_source=share&amp;utm_medium=member_desktop&amp;rcm=ACoAABbPFHoBaJRENxx0exYEDXhQZEy5y-CSQ-U\" target=\"_blank\" rel=\"noopener\"><strong><em>Peter S\u00e4nger<\/em><\/strong><\/a> also emphasized.<\/p>\n<\/blockquote>\n<p>Only through forward-looking measures and innovative solutions can cities become more resilient to the consequences of climate change.<\/p>\n<\/div><div class=\"fusion-text fusion-text-8\" style=\"--awb-text-transform:none;\"><h5><strong>Green Innovations for Livable Cities<\/strong><\/h5>\n<p>The congress \u201cThe City in Climate Change\u201d has shown: Green infrastructure, innovative technologies, and joint action are the key to resilient, healthy, and livable cities. Green City Solutions is passionately committed to making cities fit for the future through sustainable greening and smart air purification solutions.<\/p>\n<\/div><div class=\"fusion-separator fusion-full-width-sep\" style=\"align-self: center;margin-left: auto;margin-right: auto;margin-top:30px;margin-bottom:10px;width:100%;\"><\/div><div class=\"fusion-image-element \" style=\"text-align:center;--awb-caption-title-font-family:var(--h2_typography-font-family);--awb-caption-title-font-weight:var(--h2_typography-font-weight);--awb-caption-title-font-style:var(--h2_typography-font-style);--awb-caption-title-size:var(--h2_typography-font-size);--awb-caption-title-transform:var(--h2_typography-text-transform);--awb-caption-title-line-height:var(--h2_typography-line-height);--awb-caption-title-letter-spacing:var(--h2_typography-letter-spacing);\"><span class=\" fusion-imageframe imageframe-none imageframe-3 hover-type-zoomin\"><img decoding=\"async\" width=\"1000\" height=\"668\" title=\"Logo\" src=\"https:\/\/greencitysolutions.de\/wp-content\/uploads\/2025\/09\/Logo.jpg\" alt class=\"img-responsive wp-image-42411\" srcset=\"https:\/\/greencitysolutions.de\/wp-content\/uploads\/2025\/09\/Logo-200x134.jpg 200w, https:\/\/greencitysolutions.de\/wp-content\/uploads\/2025\/09\/Logo-400x267.jpg 400w, https:\/\/greencitysolutions.de\/wp-content\/uploads\/2025\/09\/Logo-600x401.jpg 600w, https:\/\/greencitysolutions.de\/wp-content\/uploads\/2025\/09\/Logo-800x534.jpg 800w, https:\/\/greencitysolutions.de\/wp-content\/uploads\/2025\/09\/Logo.jpg 1000w\" sizes=\"1000px\" \/><\/span><\/div><div class=\"fusion-text fusion-text-9\" style=\"--awb-content-alignment:center;--awb-font-size:10px;--awb-text-transform:none;\"><p style=\"text-align: center;\">Photo: Klima-Frieden Osnabr\u00fcck und Osnabr\u00fccker Land<\/p>\n<\/div><div class=\"fusion-separator fusion-full-width-sep\" style=\"align-self: center;margin-left: auto;margin-right: auto;margin-top:30px;margin-bottom:10px;width:100%;\"><\/div><div class=\"fusion-text fusion-text-10\" style=\"--awb-text-transform:none;\"><p>We would like to thank the organizers and hosts of the event, such as Klima-Frieden Osnabr\u00fcck and Osnabr\u00fccker Land e.V., with the support of Osnabr\u00fcck and Hannover Universities of Applied Sciences, the Berlin Social Science Center, and the EU Interreg project FutureBEEing, as well as all participants and sponsors BingoStiftung Umwelt, Sparkasse Osnabr\u00fcck, and AOK Niedersachsen for providing this important platform for exchange and inspiration.<\/p>\n<\/div><div class=\"fusion-text fusion-text-11\" style=\"--awb-text-transform:none;\"><p><strong>Would you also like more exchange and inspiration, and to make your neighborhood or city greener, healthier and more resilient?<\/strong><\/p>\n<p>Get in touch with us now \u2013 our team will be happy to support you with sustainable greening, smart air purification, and customized concepts for livable cities.<\/p>\n<\/div><div style=\"text-align:center;\"><a class=\"fusion-button button-flat button-small button-default fusion-button-default button-1 fusion-button-default-span fusion-button-default-type\" target=\"_blank\" rel=\"noopener noreferrer\" href=\"mailto:sales@mygcs.de%20\"><span class=\"fusion-button-text awb-button__text awb-button__text--default\">Contact us now!<\/span><\/a><\/div><div class=\"fusion-separator fusion-full-width-sep\" style=\"align-self: center;margin-left: auto;margin-right: auto;margin-top:30px;margin-bottom:10px;width:100%;\"><\/div><div class=\"fusion-separator fusion-full-width-sep\" style=\"align-self: center;margin-left: auto;margin-right: auto;margin-top:30px;margin-bottom:10px;width:100%;\"><\/div><div class=\"fusion-content-boxes content-boxes columns row fusion-columns-1 fusion-columns-total-1 fusion-content-boxes-1 content-boxes-icon-with-title content-left\" style=\"--awb-hover-accent-color:var(--awb-color8);--awb-circle-hover-accent-color:var(--awb-color8);--awb-item-margin-bottom:40px;\" data-animationOffset=\"top-into-view\"><div style=\"--awb-backgroundcolor:rgba(255,255,255,0);\" class=\"fusion-column content-box-column content-box-column content-box-column-1 col-lg-12 col-md-12 col-sm-12 fusion-content-box-hover content-box-column-last content-box-column-last-in-row\"><div class=\"col content-box-wrapper content-wrapper link-area-link-icon icon-hover-animation-none\" data-animationOffset=\"top-into-view\"><div class=\"fusion-clearfix\"><\/div><div class=\"content-container\">Published on 15. September 2025<\/div><\/div><\/div><div class=\"fusion-clearfix\"><\/div><\/div><\/div><\/div><div class=\"fusion-layout-column fusion_builder_column fusion-builder-column-2 fusion_builder_column_1_2 1_2 fusion-flex-column\" style=\"--awb-bg-size:cover;--awb-width-large:50%;--awb-margin-top-large:0px;--awb-spacing-right-large:3.84%;--awb-margin-bottom-large:0px;--awb-spacing-left-large:3.84%;--awb-width-medium:50%;--awb-order-medium:0;--awb-spacing-right-medium:3.84%;--awb-spacing-left-medium:3.84%;--awb-width-small:50%;--awb-order-small:0;--awb-spacing-right-small:3.84%;--awb-spacing-left-small:3.84%;\"><div class=\"fusion-column-wrapper fusion-column-has-shadow fusion-flex-justify-content-flex-start fusion-content-layout-column\"><div class=\"fusion-separator fusion-full-width-sep\" style=\"align-self: center;margin-left: auto;margin-right: auto;margin-top:100px;width:100%;\"><\/div><div style=\"text-align:center;\"><a class=\"fusion-button button-flat fusion-button-default-size button-custom fusion-button-default button-2 fusion-button-default-span fusion-button-default-type\" style=\"--button_accent_color:#1e5546;--button_accent_hover_color:#cde6cd;--button_border_hover_color:#cde6cd;--button_gradient_top_color:rgba(84,84,84,0);--button_gradient_bottom_color:rgba(84,84,84,0);--button_gradient_top_color_hover:rgba(216,216,216,0);--button_gradient_bottom_color_hover:rgba(216,216,216,0);--button_text_transform:uppercase;\" target=\"_self\" href=\"https:\/\/greencitysolutions.de\/en\/latest-news\/\"><span class=\"fusion-button-text awb-button__text awb-button__text--default\">&lt;&lt; BACK TO OVERVIEW<\/span><\/a><\/div><div class=\"fusion-separator fusion-full-width-sep\" style=\"align-self: center;margin-left: auto;margin-right: auto;margin-top:100px;width:100%;\"><\/div><\/div><\/div><\/div><\/div><\/p>\n","protected":false},"excerpt":{"rendered":"","protected":false},"author":26,"featured_media":42413,"comment_status":"closed","ping_status":"closed","sticky":false,"template":"","format":"standard","meta":{"footnotes":""},"categories":[82],"tags":[],"class_list":["post-42404","post","type-post","status-publish","format-standard","has-post-thumbnail","hentry","category-neuigkeiten-en"],"yoast_head":"<!-- This site is optimized with the Yoast SEO plugin v27.4 - https:\/\/yoast.com\/product\/yoast-seo-wordpress\/ -->\n<title>Congress \u201cThe City in Climate Change\u201d - Green City Solutions<\/title>\n<meta name=\"description\" content=\"At the beginning of September, the congress \u201cThe City in Climate Change\u201d took place in Osnabr\u00fcck \u2013 an inspiring forum that impressively demonstrated how urgent and diverse the challenges of climate change are for urban areas. The central question was: How can cities be designed to be climate-resilient, sustainable, and livable?\" \/>\n<meta name=\"robots\" content=\"index, follow, max-snippet:-1, max-image-preview:large, max-video-preview:-1\" \/>\n<link rel=\"canonical\" href=\"https:\/\/greencitysolutions.de\/en\/congress-the-city-in-climate-change\/\" \/>\n<meta property=\"og:locale\" content=\"en_US\" \/>\n<meta property=\"og:type\" content=\"article\" \/>\n<meta property=\"og:title\" content=\"Congress \u201cThe City in Climate Change\u201d - Green City Solutions\" \/>\n<meta property=\"og:description\" content=\"At the beginning of September, the congress \u201cThe City in Climate Change\u201d took place in Osnabr\u00fcck \u2013 an inspiring forum that impressively demonstrated how urgent and diverse the challenges of climate change are for urban areas. The central question was: How can cities be designed to be climate-resilient, sustainable, and livable?\" \/>\n<meta property=\"og:url\" content=\"https:\/\/greencitysolutions.de\/en\/congress-the-city-in-climate-change\/\" \/>\n<meta property=\"og:site_name\" content=\"Green City Solutions\" \/>\n<meta property=\"article:publisher\" content=\"https:\/\/www.facebook.com\/mygcs\" \/>\n<meta property=\"article:published_time\" content=\"2025-09-15T21:33:00+00:00\" \/>\n<meta property=\"article:modified_time\" content=\"2025-09-17T21:38:32+00:00\" \/>\n<meta property=\"og:image\" content=\"https:\/\/greencitysolutions.de\/wp-content\/uploads\/2025\/09\/Gruppenfoto-1-e1758016512168.jpg\" \/>\n\t<meta property=\"og:image:width\" content=\"2048\" \/>\n\t<meta property=\"og:image:height\" content=\"1152\" \/>\n\t<meta property=\"og:image:type\" content=\"image\/jpeg\" \/>\n<meta name=\"author\" content=\"Tina Hensel\" \/>\n<meta name=\"twitter:card\" content=\"summary_large_image\" \/>\n<meta name=\"twitter:creator\" content=\"@mycitytree\" \/>\n<meta name=\"twitter:site\" content=\"@mycitytree\" \/>\n<meta name=\"twitter:label1\" content=\"Written by\" \/>\n\t<meta name=\"twitter:data1\" content=\"Tina Hensel\" \/>\n\t<meta name=\"twitter:label2\" content=\"Est. reading time\" \/>\n\t<meta name=\"twitter:data2\" content=\"5 minutes\" \/>\n<script type=\"application\/ld+json\" class=\"yoast-schema-graph\">{\"@context\":\"https:\\\/\\\/schema.org\",\"@graph\":[{\"@type\":\"Article\",\"@id\":\"https:\\\/\\\/greencitysolutions.de\\\/en\\\/congress-the-city-in-climate-change\\\/#article\",\"isPartOf\":{\"@id\":\"https:\\\/\\\/greencitysolutions.de\\\/en\\\/congress-the-city-in-climate-change\\\/\"},\"author\":{\"name\":\"Tina Hensel\",\"@id\":\"https:\\\/\\\/greencitysolutions.de\\\/en\\\/#\\\/schema\\\/person\\\/c1a7a7d249c01327822796a8103e0118\"},\"headline\":\"Congress \u201cThe City in Climate Change\u201d\",\"datePublished\":\"2025-09-15T21:33:00+00:00\",\"dateModified\":\"2025-09-17T21:38:32+00:00\",\"mainEntityOfPage\":{\"@id\":\"https:\\\/\\\/greencitysolutions.de\\\/en\\\/congress-the-city-in-climate-change\\\/\"},\"wordCount\":4510,\"publisher\":{\"@id\":\"https:\\\/\\\/greencitysolutions.de\\\/en\\\/#organization\"},\"image\":{\"@id\":\"https:\\\/\\\/greencitysolutions.de\\\/en\\\/congress-the-city-in-climate-change\\\/#primaryimage\"},\"thumbnailUrl\":\"https:\\\/\\\/greencitysolutions.de\\\/wp-content\\\/uploads\\\/2025\\\/09\\\/Gruppenfoto-1-e1758016512168.jpg\",\"articleSection\":[\"Neuigkeiten\"],\"inLanguage\":\"en-US\"},{\"@type\":\"WebPage\",\"@id\":\"https:\\\/\\\/greencitysolutions.de\\\/en\\\/congress-the-city-in-climate-change\\\/\",\"url\":\"https:\\\/\\\/greencitysolutions.de\\\/en\\\/congress-the-city-in-climate-change\\\/\",\"name\":\"Congress \u201cThe City in Climate Change\u201d - Green City Solutions\",\"isPartOf\":{\"@id\":\"https:\\\/\\\/greencitysolutions.de\\\/en\\\/#website\"},\"primaryImageOfPage\":{\"@id\":\"https:\\\/\\\/greencitysolutions.de\\\/en\\\/congress-the-city-in-climate-change\\\/#primaryimage\"},\"image\":{\"@id\":\"https:\\\/\\\/greencitysolutions.de\\\/en\\\/congress-the-city-in-climate-change\\\/#primaryimage\"},\"thumbnailUrl\":\"https:\\\/\\\/greencitysolutions.de\\\/wp-content\\\/uploads\\\/2025\\\/09\\\/Gruppenfoto-1-e1758016512168.jpg\",\"datePublished\":\"2025-09-15T21:33:00+00:00\",\"dateModified\":\"2025-09-17T21:38:32+00:00\",\"description\":\"At the beginning of September, the congress \u201cThe City in Climate Change\u201d took place in Osnabr\u00fcck \u2013 an inspiring forum that impressively demonstrated how urgent and diverse the challenges of climate change are for urban areas. The central question was: How can cities be designed to be climate-resilient, sustainable, and livable?\",\"inLanguage\":\"en-US\",\"potentialAction\":[{\"@type\":\"ReadAction\",\"target\":[\"https:\\\/\\\/greencitysolutions.de\\\/en\\\/congress-the-city-in-climate-change\\\/\"]}]},{\"@type\":\"ImageObject\",\"inLanguage\":\"en-US\",\"@id\":\"https:\\\/\\\/greencitysolutions.de\\\/en\\\/congress-the-city-in-climate-change\\\/#primaryimage\",\"url\":\"https:\\\/\\\/greencitysolutions.de\\\/wp-content\\\/uploads\\\/2025\\\/09\\\/Gruppenfoto-1-e1758016512168.jpg\",\"contentUrl\":\"https:\\\/\\\/greencitysolutions.de\\\/wp-content\\\/uploads\\\/2025\\\/09\\\/Gruppenfoto-1-e1758016512168.jpg\",\"width\":2048,\"height\":1152},{\"@type\":\"WebSite\",\"@id\":\"https:\\\/\\\/greencitysolutions.de\\\/en\\\/#website\",\"url\":\"https:\\\/\\\/greencitysolutions.de\\\/en\\\/\",\"name\":\"Green City Solutions\",\"description\":\"We grow fresh air\",\"publisher\":{\"@id\":\"https:\\\/\\\/greencitysolutions.de\\\/en\\\/#organization\"},\"potentialAction\":[{\"@type\":\"SearchAction\",\"target\":{\"@type\":\"EntryPoint\",\"urlTemplate\":\"https:\\\/\\\/greencitysolutions.de\\\/en\\\/?s={search_term_string}\"},\"query-input\":{\"@type\":\"PropertyValueSpecification\",\"valueRequired\":true,\"valueName\":\"search_term_string\"}}],\"inLanguage\":\"en-US\"},{\"@type\":\"Organization\",\"@id\":\"https:\\\/\\\/greencitysolutions.de\\\/en\\\/#organization\",\"name\":\"Green City Solutions\",\"url\":\"https:\\\/\\\/greencitysolutions.de\\\/en\\\/\",\"logo\":{\"@type\":\"ImageObject\",\"inLanguage\":\"en-US\",\"@id\":\"https:\\\/\\\/greencitysolutions.de\\\/en\\\/#\\\/schema\\\/logo\\\/image\\\/\",\"url\":\"https:\\\/\\\/greencitysolutions.de\\\/wp-content\\\/uploads\\\/2023\\\/11\\\/GCS_Logo_Forestgreen.png\",\"contentUrl\":\"https:\\\/\\\/greencitysolutions.de\\\/wp-content\\\/uploads\\\/2023\\\/11\\\/GCS_Logo_Forestgreen.png\",\"width\":1521,\"height\":903,\"caption\":\"Green City Solutions\"},\"image\":{\"@id\":\"https:\\\/\\\/greencitysolutions.de\\\/en\\\/#\\\/schema\\\/logo\\\/image\\\/\"},\"sameAs\":[\"https:\\\/\\\/www.facebook.com\\\/mygcs\",\"https:\\\/\\\/x.com\\\/mycitytree\",\"https:\\\/\\\/www.instagram.com\\\/green_city_solutions\\\/\",\"https:\\\/\\\/www.linkedin.com\\\/company\\\/greencitysolutions\",\"https:\\\/\\\/www.youtube.com\\\/channel\\\/UC2lCPB5t5TuN8QL1egOBkNg\"]},{\"@type\":\"Person\",\"@id\":\"https:\\\/\\\/greencitysolutions.de\\\/en\\\/#\\\/schema\\\/person\\\/c1a7a7d249c01327822796a8103e0118\",\"name\":\"Tina Hensel\",\"image\":{\"@type\":\"ImageObject\",\"inLanguage\":\"en-US\",\"@id\":\"https:\\\/\\\/secure.gravatar.com\\\/avatar\\\/e8c0c71b5ec2fcb69cc8d0cca4be47bb70c54425f7d672f6b79148614ba5535a?s=96&d=mm&r=g\",\"url\":\"https:\\\/\\\/secure.gravatar.com\\\/avatar\\\/e8c0c71b5ec2fcb69cc8d0cca4be47bb70c54425f7d672f6b79148614ba5535a?s=96&d=mm&r=g\",\"contentUrl\":\"https:\\\/\\\/secure.gravatar.com\\\/avatar\\\/e8c0c71b5ec2fcb69cc8d0cca4be47bb70c54425f7d672f6b79148614ba5535a?s=96&d=mm&r=g\",\"caption\":\"Tina Hensel\"},\"url\":\"https:\\\/\\\/greencitysolutions.de\\\/en\\\/author\\\/tina\\\/\"}]}<\/script>\n<!-- \/ Yoast SEO plugin. -->","yoast_head_json":{"title":"Congress \u201cThe City in Climate Change\u201d - Green City Solutions","description":"At the beginning of September, the congress \u201cThe City in Climate Change\u201d took place in Osnabr\u00fcck \u2013 an inspiring forum that impressively demonstrated how urgent and diverse the challenges of climate change are for urban areas. The central question was: How can cities be designed to be climate-resilient, sustainable, and livable?","robots":{"index":"index","follow":"follow","max-snippet":"max-snippet:-1","max-image-preview":"max-image-preview:large","max-video-preview":"max-video-preview:-1"},"canonical":"https:\/\/greencitysolutions.de\/en\/congress-the-city-in-climate-change\/","og_locale":"en_US","og_type":"article","og_title":"Congress \u201cThe City in Climate Change\u201d - Green City Solutions","og_description":"At the beginning of September, the congress \u201cThe City in Climate Change\u201d took place in Osnabr\u00fcck \u2013 an inspiring forum that impressively demonstrated how urgent and diverse the challenges of climate change are for urban areas. The central question was: How can cities be designed to be climate-resilient, sustainable, and livable?","og_url":"https:\/\/greencitysolutions.de\/en\/congress-the-city-in-climate-change\/","og_site_name":"Green City Solutions","article_publisher":"https:\/\/www.facebook.com\/mygcs","article_published_time":"2025-09-15T21:33:00+00:00","article_modified_time":"2025-09-17T21:38:32+00:00","og_image":[{"width":2048,"height":1152,"url":"https:\/\/greencitysolutions.de\/wp-content\/uploads\/2025\/09\/Gruppenfoto-1-e1758016512168.jpg","type":"image\/jpeg"}],"author":"Tina Hensel","twitter_card":"summary_large_image","twitter_creator":"@mycitytree","twitter_site":"@mycitytree","twitter_misc":{"Written by":"Tina Hensel","Est. reading time":"5 minutes"},"schema":{"@context":"https:\/\/schema.org","@graph":[{"@type":"Article","@id":"https:\/\/greencitysolutions.de\/en\/congress-the-city-in-climate-change\/#article","isPartOf":{"@id":"https:\/\/greencitysolutions.de\/en\/congress-the-city-in-climate-change\/"},"author":{"name":"Tina Hensel","@id":"https:\/\/greencitysolutions.de\/en\/#\/schema\/person\/c1a7a7d249c01327822796a8103e0118"},"headline":"Congress \u201cThe City in Climate Change\u201d","datePublished":"2025-09-15T21:33:00+00:00","dateModified":"2025-09-17T21:38:32+00:00","mainEntityOfPage":{"@id":"https:\/\/greencitysolutions.de\/en\/congress-the-city-in-climate-change\/"},"wordCount":4510,"publisher":{"@id":"https:\/\/greencitysolutions.de\/en\/#organization"},"image":{"@id":"https:\/\/greencitysolutions.de\/en\/congress-the-city-in-climate-change\/#primaryimage"},"thumbnailUrl":"https:\/\/greencitysolutions.de\/wp-content\/uploads\/2025\/09\/Gruppenfoto-1-e1758016512168.jpg","articleSection":["Neuigkeiten"],"inLanguage":"en-US"},{"@type":"WebPage","@id":"https:\/\/greencitysolutions.de\/en\/congress-the-city-in-climate-change\/","url":"https:\/\/greencitysolutions.de\/en\/congress-the-city-in-climate-change\/","name":"Congress \u201cThe City in Climate Change\u201d - Green City Solutions","isPartOf":{"@id":"https:\/\/greencitysolutions.de\/en\/#website"},"primaryImageOfPage":{"@id":"https:\/\/greencitysolutions.de\/en\/congress-the-city-in-climate-change\/#primaryimage"},"image":{"@id":"https:\/\/greencitysolutions.de\/en\/congress-the-city-in-climate-change\/#primaryimage"},"thumbnailUrl":"https:\/\/greencitysolutions.de\/wp-content\/uploads\/2025\/09\/Gruppenfoto-1-e1758016512168.jpg","datePublished":"2025-09-15T21:33:00+00:00","dateModified":"2025-09-17T21:38:32+00:00","description":"At the beginning of September, the congress \u201cThe City in Climate Change\u201d took place in Osnabr\u00fcck \u2013 an inspiring forum that impressively demonstrated how urgent and diverse the challenges of climate change are for urban areas. The central question was: How can cities be designed to be climate-resilient, sustainable, and livable?","inLanguage":"en-US","potentialAction":[{"@type":"ReadAction","target":["https:\/\/greencitysolutions.de\/en\/congress-the-city-in-climate-change\/"]}]},{"@type":"ImageObject","inLanguage":"en-US","@id":"https:\/\/greencitysolutions.de\/en\/congress-the-city-in-climate-change\/#primaryimage","url":"https:\/\/greencitysolutions.de\/wp-content\/uploads\/2025\/09\/Gruppenfoto-1-e1758016512168.jpg","contentUrl":"https:\/\/greencitysolutions.de\/wp-content\/uploads\/2025\/09\/Gruppenfoto-1-e1758016512168.jpg","width":2048,"height":1152},{"@type":"WebSite","@id":"https:\/\/greencitysolutions.de\/en\/#website","url":"https:\/\/greencitysolutions.de\/en\/","name":"Green City Solutions","description":"We grow fresh air","publisher":{"@id":"https:\/\/greencitysolutions.de\/en\/#organization"},"potentialAction":[{"@type":"SearchAction","target":{"@type":"EntryPoint","urlTemplate":"https:\/\/greencitysolutions.de\/en\/?s={search_term_string}"},"query-input":{"@type":"PropertyValueSpecification","valueRequired":true,"valueName":"search_term_string"}}],"inLanguage":"en-US"},{"@type":"Organization","@id":"https:\/\/greencitysolutions.de\/en\/#organization","name":"Green City Solutions","url":"https:\/\/greencitysolutions.de\/en\/","logo":{"@type":"ImageObject","inLanguage":"en-US","@id":"https:\/\/greencitysolutions.de\/en\/#\/schema\/logo\/image\/","url":"https:\/\/greencitysolutions.de\/wp-content\/uploads\/2023\/11\/GCS_Logo_Forestgreen.png","contentUrl":"https:\/\/greencitysolutions.de\/wp-content\/uploads\/2023\/11\/GCS_Logo_Forestgreen.png","width":1521,"height":903,"caption":"Green City Solutions"},"image":{"@id":"https:\/\/greencitysolutions.de\/en\/#\/schema\/logo\/image\/"},"sameAs":["https:\/\/www.facebook.com\/mygcs","https:\/\/x.com\/mycitytree","https:\/\/www.instagram.com\/green_city_solutions\/","https:\/\/www.linkedin.com\/company\/greencitysolutions","https:\/\/www.youtube.com\/channel\/UC2lCPB5t5TuN8QL1egOBkNg"]},{"@type":"Person","@id":"https:\/\/greencitysolutions.de\/en\/#\/schema\/person\/c1a7a7d249c01327822796a8103e0118","name":"Tina Hensel","image":{"@type":"ImageObject","inLanguage":"en-US","@id":"https:\/\/secure.gravatar.com\/avatar\/e8c0c71b5ec2fcb69cc8d0cca4be47bb70c54425f7d672f6b79148614ba5535a?s=96&d=mm&r=g","url":"https:\/\/secure.gravatar.com\/avatar\/e8c0c71b5ec2fcb69cc8d0cca4be47bb70c54425f7d672f6b79148614ba5535a?s=96&d=mm&r=g","contentUrl":"https:\/\/secure.gravatar.com\/avatar\/e8c0c71b5ec2fcb69cc8d0cca4be47bb70c54425f7d672f6b79148614ba5535a?s=96&d=mm&r=g","caption":"Tina Hensel"},"url":"https:\/\/greencitysolutions.de\/en\/author\/tina\/"}]}},"_links":{"self":[{"href":"https:\/\/greencitysolutions.de\/en\/wp-json\/wp\/v2\/posts\/42404","targetHints":{"allow":["GET"]}}],"collection":[{"href":"https:\/\/greencitysolutions.de\/en\/wp-json\/wp\/v2\/posts"}],"about":[{"href":"https:\/\/greencitysolutions.de\/en\/wp-json\/wp\/v2\/types\/post"}],"author":[{"embeddable":true,"href":"https:\/\/greencitysolutions.de\/en\/wp-json\/wp\/v2\/users\/26"}],"replies":[{"embeddable":true,"href":"https:\/\/greencitysolutions.de\/en\/wp-json\/wp\/v2\/comments?post=42404"}],"version-history":[{"count":6,"href":"https:\/\/greencitysolutions.de\/en\/wp-json\/wp\/v2\/posts\/42404\/revisions"}],"predecessor-version":[{"id":42420,"href":"https:\/\/greencitysolutions.de\/en\/wp-json\/wp\/v2\/posts\/42404\/revisions\/42420"}],"wp:featuredmedia":[{"embeddable":true,"href":"https:\/\/greencitysolutions.de\/en\/wp-json\/wp\/v2\/media\/42413"}],"wp:attachment":[{"href":"https:\/\/greencitysolutions.de\/en\/wp-json\/wp\/v2\/media?parent=42404"}],"wp:term":[{"taxonomy":"category","embeddable":true,"href":"https:\/\/greencitysolutions.de\/en\/wp-json\/wp\/v2\/categories?post=42404"},{"taxonomy":"post_tag","embeddable":true,"href":"https:\/\/greencitysolutions.de\/en\/wp-json\/wp\/v2\/tags?post=42404"}],"curies":[{"name":"wp","href":"https:\/\/api.w.org\/{rel}","templated":true}]}}